{"id":878,"date":"2025-08-17T06:24:25","date_gmt":"2025-08-17T05:24:25","guid":{"rendered":"https:\/\/sv-zeutern.de\/wordpress\/?p=878"},"modified":"2025-08-17T06:24:29","modified_gmt":"2025-08-17T05:24:29","slug":"der-vorlaeufige-ablauf-des-benefizspiels-am-30-08-steht","status":"publish","type":"post","link":"https:\/\/sv-zeutern.de\/wordpress\/index.php\/2025\/08\/17\/der-vorlaeufige-ablauf-des-benefizspiels-am-30-08-steht\/","title":{"rendered":"Der vorl\u00e4ufige Ablauf des Benefizspiels am 30.08. steht.\u00a0"},"content":{"rendered":"\n<p>15.00 Uhr &nbsp;&nbsp;Bambini Turnier; Er\u00f6ffnung Kinderveranstaltung mit H\u00fcpfburg, Tombola&#8230;<\/p>\n\n\n\n<p>18:00 Uhr &nbsp;&nbsp;Begr\u00fc\u00dfung der Offiziellen \/ \u00dcbergabe der Schecks<\/p>\n\n\n\n<p>18.15 Uhr \u00a0\u00a0Sch\u00fctzenverein Zeutern mit B\u00f6llerschuss zur Er\u00f6ffnung des Benefizevents Einlauf Zeutener Urgesteine, Ball wird \u00dcbergeben, Badener Lied Musikverein Ansto\u00df Frau Kimmich\u00a0<\/p>\n\n\n\n<p>18.30 Uhr &nbsp; &nbsp;&nbsp;Spiels SV Zeutern All Stars gegen Scharinger and friends<\/p>\n\n\n\n<p>19.15 Uhr \u00a0\u00a0  Halbzeit<\/p>\n\n\n\n<p>19.30 Uhr \u00a0\u00a0  2. Halbzeit<\/p>\n\n\n\n<p>20:15 Uhr \u00a0\u00a0  Ende Spiel SV Zeutern All Stars gegen Scharinger and friends<\/p>\n\n\n\n<p>20:30 Uhr &nbsp; &nbsp;&nbsp;Verabschiedung der Spieler und \u00dcbergang zum gem\u00fctlichen Teil<\/p>\n\n\n\n<p>20.45 Uhr \u00a0 \u00a0 \u00a0Beginn des Konzerts Zap Gang<\/p>\n\n\n\n<figure class=\"wp-block-image size-large\"><img loading=\"lazy\" decoding=\"async\" width=\"768\" height=\"1024\" src=\"https:\/\/sv-zeutern.de\/wordpress\/wp-content\/uploads\/2025\/08\/Aufstellung-768x1024.jpg\" alt=\"\" class=\"wp-image-879\" srcset=\"https:\/\/sv-zeutern.de\/wordpress\/wp-content\/uploads\/2025\/08\/Aufstellung-768x1024.jpg 768w, https:\/\/sv-zeutern.de\/wordpress\/wp-content\/uploads\/2025\/08\/Aufstellung-225x300.jpg 225w, https:\/\/sv-zeutern.de\/wordpress\/wp-content\/uploads\/2025\/08\/Aufstellung-1152x1536.jpg 1152w, https:\/\/sv-zeutern.de\/wordpress\/wp-content\/uploads\/2025\/08\/Aufstellung.jpg 1536w\" sizes=\"(max-width: 768px) 100vw, 768px\" \/><\/figure>\n","protected":false},"excerpt":{"rendered":"<p>15.00 Uhr &nbsp;&nbsp;Bambini Turnier; Er\u00f6ffnung Kinderveranstaltung mit H\u00fcpfburg, Tombola&#8230; 18:00 Uhr &nbsp;&nbsp;Begr\u00fc\u00dfung der Offiziellen \/ \u00dcbergabe der Schecks 18.15 Uhr \u00a0\u00a0Sch\u00fctzenverein Zeutern mit B\u00f6llerschuss zur Er\u00f6ffnung des Benefizevents Einlauf Zeutener Urgesteine, Ball wird \u00dcbergeben, Badener Lied Musikverein Ansto\u00df Frau Kimmich\u00a0 18.30 Uhr &nbsp; &nbsp;&nbsp;Spiels SV Zeutern All Stars gegen Scharinger and friends 19.15 Uhr \u00a0\u00a0 &hellip; <\/p>\n","protected":false},"author":2,"featured_media":0,"comment_status":"open","ping_status":"open","sticky":false,"template":"","format":"standard","meta":{"footnotes":""},"categories":[1],"tags":[],"class_list":["post-878","post","type-post","status-publish","format-standard","hentry","category-uncategorized"],"_links":{"self":[{"href":"https:\/\/sv-zeutern.de\/wordpress\/index.php\/wp-json\/wp\/v2\/posts\/878"}],"collection":[{"href":"https:\/\/sv-zeutern.de\/wordpress\/index.php\/wp-json\/wp\/v2\/posts"}],"about":[{"href":"https:\/\/sv-zeutern.de\/wordpress\/index.php\/wp-json\/wp\/v2\/types\/post"}],"author":[{"embeddable":true,"href":"https:\/\/sv-zeutern.de\/wordpress\/index.php\/wp-json\/wp\/v2\/users\/2"}],"replies":[{"embeddable":true,"href":"https:\/\/sv-zeutern.de\/wordpress\/index.php\/wp-json\/wp\/v2\/comments?post=878"}],"version-history":[{"count":1,"href":"https:\/\/sv-zeutern.de\/wordpress\/index.php\/wp-json\/wp\/v2\/posts\/878\/revisions"}],"predecessor-version":[{"id":880,"href":"https:\/\/sv-zeutern.de\/wordpress\/index.php\/wp-json\/wp\/v2\/posts\/878\/revisions\/880"}],"wp:attachment":[{"href":"https:\/\/sv-zeutern.de\/wordpress\/index.php\/wp-json\/wp\/v2\/media?parent=878"}],"wp:term":[{"taxonomy":"category","embeddable":true,"href":"https:\/\/sv-zeutern.de\/wordpress\/index.php\/wp-json\/wp\/v2\/categories?post=878"},{"taxonomy":"post_tag","embeddable":true,"href":"https:\/\/sv-zeutern.de\/wordpress\/index.php\/wp-json\/wp\/v2\/tags?post=878"}],"curies":[{"name":"wp","href":"https:\/\/api.w.org\/{rel}","templated":true}]}}