{"id":887,"date":"2025-08-24T06:10:21","date_gmt":"2025-08-24T05:10:21","guid":{"rendered":"https:\/\/sv-zeutern.de\/wordpress\/?p=887"},"modified":"2025-08-24T06:10:25","modified_gmt":"2025-08-24T05:10:25","slug":"pressemitteilung","status":"publish","type":"post","link":"https:\/\/sv-zeutern.de\/wordpress\/index.php\/2025\/08\/24\/pressemitteilung\/","title":{"rendered":"PRESSEMITTEILUNG"},"content":{"rendered":"\n<p><strong>SV Zeutern veranstaltet u.a. Benefiz-Tag f\u00fcr Zugungl\u00fcck-Opfer<\/strong><\/p>\n\n\n\n<p><strong>Benefizspiel mit Scharinger &amp; Friends am 30. August 2025 \u2013 Solidarit\u00e4t f\u00fcr zwei soziale Projekte<\/strong><\/p>\n\n\n\n<p>Monate nach dem tragischen Zugungl\u00fcck vom 11. M\u00e4rz in Zeutern setzt der SV Zeutern ein starkes Zeichen der Solidarit\u00e4t. Gemeinsam mit Rainer Scharinger und seinem Team aus ehemaligen KSC- und Bundesligaprofis organisiert der Verein einen gro\u00dfen Benefiz-Tag, um den Hinterbliebenen des Ungl\u00fccks unb\u00fcrokratische und direkte Hilfe zu leisten.<\/p>\n\n\n\n<p>&#8222;Wir wollen ein Signal der Solidarit\u00e4t setzen, f\u00fcr die Hinterbliebenen des Zugungl\u00fccks Zeutern und f\u00fcr die Wohngemeinschaften Bruchsal&#8220;, erkl\u00e4rt Ralf Schade, 1. Vorstand des SV Zeutern. &#8222;Dabei geht es nicht nur um die Spenden, sondern um die Verbundenheit \u2013 wir sind da, wir unterst\u00fctzen Euch, Ihr seid ein Teil unserer Gemeinschaft.&#8220;<\/p>\n\n\n\n<p><strong>Unterst\u00fctzung von der Gemeinde<\/strong><\/p>\n\n\n\n<p>B\u00fcrgermeisterin Katharina Kimmich, die als Schirmherrin der Veranstaltung fungiert, betont: &#8222;In unserer Gemeinde lebt Gemeinschaft davon, dass Menschen zusammenkommen und sich f\u00fcreinander einsetzen. Deshalb freue ich mich sehr, dass mit dieser Benefizveranstaltung viele engagierte Menschen etwas bewegen \u2013 und unterst\u00fctze das mit voller \u00dcberzeugung.&#8220;<\/p>\n\n\n\n<p>Auch von Seiten der AVG kommt starke Unterst\u00fctzung. Thorsten Mack von der AVG erkl\u00e4rt: &#8222;In Solidarit\u00e4t unserer verungl\u00fcckten Kollegin war es f\u00fcr uns selbstverst\u00e4ndlich mit dem SV Zeutern diese Veranstaltung durchzuf\u00fchren. Viele Kolleginnen und Kollegen sind an dem Tag anwesend und helfen und zeigen hier ihre Unterst\u00fctzung.&#8220;<\/p>\n\n\n\n<p><strong>Programm des Benefiz-Tags<\/strong><\/p>\n\n\n\n<p><strong>Wann:<\/strong> Samstag, 30. August 2025, ab 15:00 Uhr<\/p>\n\n\n\n<p><br><strong>Wo:<\/strong> Sportgel\u00e4nde SV Zeutern<\/p>\n\n\n\n<ul class=\"wp-block-list\">\n<li><strong>15:00 Uhr:<\/strong> Familienprogramm mit Bambini-Turnier, H\u00fcpfburg, Kinderprogramm sowie Kaffee und Kuchen<\/li>\n\n\n\n<li><strong>18:00 Uhr:<\/strong> Das Highlight des Tages \u2013 Benefizspiel Scharinger &amp; Friends gegen SV Zeutern All Stars &amp; Friends<\/li>\n\n\n\n<li><strong>20:30 Uhr:<\/strong> Konzert der ZAP-Gang<\/li>\n<\/ul>\n\n\n\n<p><strong>Zwei wichtige soziale Projekte im Fokus<\/strong><\/p>\n\n\n\n<p>Die Veranstaltung unterst\u00fctzt gleich zwei bedeutende soziale Anliegen: In Zusammenarbeit mit der AVG flie\u00dfen Spenden direkt an die Hinterbliebenen des Zugungl\u00fccks. Zus\u00e4tzlich werden sozialp\u00e4dagogische Wohngemeinschaften in Bruchsal f\u00fcr Menschen mit komplexen Mehrfachbehinderungen unterst\u00fctzt.<\/p>\n\n\n\n<p>&#8222;Als die Projektidee kam, war selbstverst\u00e4ndlich, dass wir zusammen mit Scharinger &amp; Friends dieses Benefizspiel durchf\u00fchren&#8220;, betont Felix Ehret, Sportvorstand des SV Zeutern. &#8222;Der Zuspruch und die Freude ist riesengro\u00df und wir sehen uns als Verein SV Zeutern innerhalb des Ortes Ubstadt-Weiher verpflichtet, nach dem tragischen Zugungl\u00fcck ein Zeichen zu setzen. Dazu kommt das Erlebnis, gegen die alten Bundesligastars mal spielen zu d\u00fcrfen.&#8220;<\/p>\n\n\n\n<p><strong>Dankbarkeit f\u00fcr Unterst\u00fctzung und Engagement<\/strong><\/p>\n\n\n\n<p>Rainer Scharinger, der sich seit Jahren f\u00fcr soziale Aktivit\u00e4ten einsetzt, zeigt sich begeistert von der Zusammenarbeit: &#8222;Wir brauchen Vereine wie den SV Zeutern und seine Verantwortlichen, um sich heute in schwierigen Zeiten f\u00fcr soziale Zwecke einzusetzen. Ich bin f\u00fcr alle Helfer und Spieler dankbar, die mich seit Jahren bei den sozialen Aktivit\u00e4ten begleiten und freue mich, dass wir wieder etwas Gutes tun k\u00f6nnen!&#8220;<\/p>\n\n\n\n<p>Vereinsvorstand Ralf Schade richtet einen besonderen Dank an alle Unterst\u00fctzer: &#8222;Wir haben selber erfahren, wie schwer es ist, Spenden \u00fcber Firmen und Privatpersonen f\u00fcr ein solches soziales Projekt zu erhalten. Deshalb bedanken wir uns bei jedem einzelnen Spender hiermit auf das herzlichste. Ihr seid Helden in der heutigen Zeit.&#8220;<\/p>\n\n\n\n<p><strong>Rahmenprogramm und Sponsoring<\/strong><\/p>\n\n\n\n<p>Das umfangreiche Rahmenprogramm bietet neben dem Fu\u00dfballspiel eine gro\u00dfe Tombola und zahlreiche weitere Aktivit\u00e4ten f\u00fcr die ganze Familie. Alle Sponsoren werden \u2013 sofern gew\u00fcnscht \u2013 vor Ort namentlich pr\u00e4sentiert und gew\u00fcrdigt. Neben Geldspenden f\u00fcr die beiden sozialen Projekte freut sich der Verein auch \u00fcber Sachspenden f\u00fcr die Tombola.<\/p>\n\n\n\n<p>________________________________________<\/p>\n\n\n\n<p>Kontakt:<\/p>\n\n\n\n<p>Ralf Schade, SV Zeutern 1. Vorstand<\/p>\n\n\n\n<p>Tel. 0172\/3236260 E-Mail: <a href=\"mailto:ralfschade24@gmail.com\">ralfschade24@gmail.com<\/a><\/p>\n","protected":false},"excerpt":{"rendered":"<p>SV Zeutern veranstaltet u.a. Benefiz-Tag f\u00fcr Zugungl\u00fcck-Opfer Benefizspiel mit Scharinger &amp; Friends am 30. August 2025 \u2013 Solidarit\u00e4t f\u00fcr zwei soziale Projekte Monate nach dem tragischen Zugungl\u00fcck vom 11. M\u00e4rz in Zeutern setzt der SV Zeutern ein starkes Zeichen der Solidarit\u00e4t. Gemeinsam mit Rainer Scharinger und seinem Team aus ehemaligen KSC- und Bundesligaprofis organisiert der &hellip; <\/p>\n","protected":false},"author":2,"featured_media":0,"comment_status":"open","ping_status":"open","sticky":false,"template":"","format":"standard","meta":{"footnotes":""},"categories":[6,18,4,7],"tags":[],"class_list":["post-887","post","type-post","status-publish","format-standard","hentry","category-events","category-news","category-vereinsnachrichten","category-vorstand"],"_links":{"self":[{"href":"https:\/\/sv-zeutern.de\/wordpress\/index.php\/wp-json\/wp\/v2\/posts\/887"}],"collection":[{"href":"https:\/\/sv-zeutern.de\/wordpress\/index.php\/wp-json\/wp\/v2\/posts"}],"about":[{"href":"https:\/\/sv-zeutern.de\/wordpress\/index.php\/wp-json\/wp\/v2\/types\/post"}],"author":[{"embeddable":true,"href":"https:\/\/sv-zeutern.de\/wordpress\/index.php\/wp-json\/wp\/v2\/users\/2"}],"replies":[{"embeddable":true,"href":"https:\/\/sv-zeutern.de\/wordpress\/index.php\/wp-json\/wp\/v2\/comments?post=887"}],"version-history":[{"count":1,"href":"https:\/\/sv-zeutern.de\/wordpress\/index.php\/wp-json\/wp\/v2\/posts\/887\/revisions"}],"predecessor-version":[{"id":888,"href":"https:\/\/sv-zeutern.de\/wordpress\/index.php\/wp-json\/wp\/v2\/posts\/887\/revisions\/888"}],"wp:attachment":[{"href":"https:\/\/sv-zeutern.de\/wordpress\/index.php\/wp-json\/wp\/v2\/media?parent=887"}],"wp:term":[{"taxonomy":"category","embeddable":true,"href":"https:\/\/sv-zeutern.de\/wordpress\/index.php\/wp-json\/wp\/v2\/categories?post=887"},{"taxonomy":"post_tag","embeddable":true,"href":"https:\/\/sv-zeutern.de\/wordpress\/index.php\/wp-json\/wp\/v2\/tags?post=887"}],"curies":[{"name":"wp","href":"https:\/\/api.w.org\/{rel}","templated":true}]}}