{"id":921,"date":"2025-12-10T07:40:10","date_gmt":"2025-12-10T06:40:10","guid":{"rendered":"https:\/\/sv-zeutern.de\/wordpress\/?p=921"},"modified":"2025-12-10T07:40:11","modified_gmt":"2025-12-10T06:40:11","slug":"liebe-sv-freunde","status":"publish","type":"post","link":"https:\/\/sv-zeutern.de\/wordpress\/index.php\/2025\/12\/10\/liebe-sv-freunde\/","title":{"rendered":"Liebe SV-Freunde,"},"content":{"rendered":"\n<p>wir blicken wieder auf ein bewegtes Jahr zur\u00fcck.<\/p>\n\n\n\n<p>Es haben wieder viele Aktivit\u00e4ten stattgefunden. Letztes Jahr fand das beliebte Dart Turnier statt, das dieses Jahr aufgrund der Vielzahl der Aktivit\u00e4ten nicht mehr stattfinden konnte. Dann das Middleplatzkonzert mit tollem Flair sowie der D\u00e4mmerungsumzug, der bis \u00fcber Zeutern bekannt ist. Sportlich k\u00f6nnen wir letztes Jahr sowohl in der Jugend als auch bei den Aktiven auf ein gutes Jahr zur\u00fcckblicken. Auch unser Jugendturnier im Sommer und in der Halle muss hervorgehoben werden, das immer top organisiert ist. Sehr positiv ist auch, dass sich das Vereinslokal im neuen Look pr\u00e4sentiert, was sehr gut ankommt.<\/p>\n\n\n\n<p>Dazu kommen einige zentrale Punkte, die besonders hervorzuheben sind. Zuerst ist zu erw\u00e4hnen, dass wir es geschafft haben, schuldenfrei zu werden. Dieses ist der Verdienst insbesondere von Patrick, der den Verein in einer sehr schweren Zeit \u00fcbernommen und in die richtigen Bahnen gelenkt hat. Danach hat Peter \u00fcbernommen, der die Basis f\u00fcr wirtschaftliche Stabilit\u00e4t war und als Kassierer bis heute immer noch ist, wof\u00fcr wir ihm sehr dankbar sind.<\/p>\n\n\n\n<p>Aus dieser wirtschaftlichen Stabilit\u00e4t konnten wir in eine Solaranlage mit Batteriespeicher investieren. Die Solaranlage und die Batterie laufen nun. Damit bilden wir einen gro\u00dfen Baustein f\u00fcr Nachhaltigkeit und es ist ein Invest in die Zukunft f\u00fcr den Verein. Ein Megadank an Felix, der das Projekt alle organisiert und umgesetzt hat. Dazu noch ein herzliches Dankesch\u00f6n f\u00fcr die gro\u00dfartige Unterst\u00fctzung der Fa. Staudt, die uns nicht nur hier immer sehr unterst\u00fctzen. Dazu noch die Firma Reichert, in Person Michael Reichert, der nicht nur dieses Projekt unterst\u00fctzt hat, sondern auch Trikots im Verein etc. sponsert.<\/p>\n\n\n\n<p>Nun einige Worte zum Wirtschaftsausschuss. Erst einmal ein herzliches Dankesch\u00f6n an die Bertl, Timo, Nico. Der Einsatz der Drei und der Freunde des Wirtschaftsausschusses, wie z. B. Jessi, wei\u00df man dann zu sch\u00e4tzen, wenn man sieht, wie hoch der Einsatz der Veranstaltungen ist, die meistens \u00fcber Tage gehen. Der Vorstand hat eine riesengro\u00dfe Wertsch\u00e4tzung f\u00fcr das Team und m\u00f6chte das auch noch mal separat nennen und jeden motivieren, an dem Team mitzuwirken.<\/p>\n\n\n\n<p>Ansonsten ein dickes Danke an das Vorstandsteam, es macht viel Spa\u00df und es ist ein sehr engagiertes Team. Auch Danke an die Jugendleitung Martin, Thomas und Maggie, die den gr\u00f6\u00dften Teil unserer Mitglieder betreuen, plus JSG Ubstadt-Weiher! Dazu noch ein Danke an uns Technik Team und die SV-Freunde, ohne Euch w\u00fcrde im Verein gar nichts gehen. Dazu noch ein Danke an die AH f\u00fcr die Bewirtung der Spiele der ersten Mannschaft, an Peter und an seine Kassenpr\u00fcferinnen, an Emil f\u00fcr das Stadionheft, an Chester der im Stadion kassiert und bestimmt haben wir jemanden vergessen, aber das sieht man uns hoffentlich nach.<\/p>\n\n\n\n<p>Das offizielle Protokoll kommt in eines der n\u00e4chsten Amtsbl\u00e4tter.<\/p>\n\n\n\n<p>Ralf Schade, 1. Vorstand<\/p>\n\n\n\n<figure class=\"wp-block-image\" id=\"718fb1d9-d384-4223-b863-3a816a871704\"><img decoding=\"async\" src=\"https:\/\/nm0as0prod0sa.blob.core.windows.net\/nm-as-prod-stc\/images\/48106689_0739221338586-AS_Generalversammlung.jpg\" alt=\"\" \/><\/figure>\n","protected":false},"excerpt":{"rendered":"<p>wir blicken wieder auf ein bewegtes Jahr zur\u00fcck. Es haben wieder viele Aktivit\u00e4ten stattgefunden. Letztes Jahr fand das beliebte Dart Turnier statt, das dieses Jahr aufgrund der Vielzahl der Aktivit\u00e4ten nicht mehr stattfinden konnte. Dann das Middleplatzkonzert mit tollem Flair sowie der D\u00e4mmerungsumzug, der bis \u00fcber Zeutern bekannt ist. Sportlich k\u00f6nnen wir letztes Jahr sowohl &hellip; <\/p>\n","protected":false},"author":2,"featured_media":0,"comment_status":"open","ping_status":"open","sticky":false,"template":"","format":"standard","meta":{"footnotes":""},"categories":[1],"tags":[],"class_list":["post-921","post","type-post","status-publish","format-standard","hentry","category-uncategorized"],"_links":{"self":[{"href":"https:\/\/sv-zeutern.de\/wordpress\/index.php\/wp-json\/wp\/v2\/posts\/921"}],"collection":[{"href":"https:\/\/sv-zeutern.de\/wordpress\/index.php\/wp-json\/wp\/v2\/posts"}],"about":[{"href":"https:\/\/sv-zeutern.de\/wordpress\/index.php\/wp-json\/wp\/v2\/types\/post"}],"author":[{"embeddable":true,"href":"https:\/\/sv-zeutern.de\/wordpress\/index.php\/wp-json\/wp\/v2\/users\/2"}],"replies":[{"embeddable":true,"href":"https:\/\/sv-zeutern.de\/wordpress\/index.php\/wp-json\/wp\/v2\/comments?post=921"}],"version-history":[{"count":1,"href":"https:\/\/sv-zeutern.de\/wordpress\/index.php\/wp-json\/wp\/v2\/posts\/921\/revisions"}],"predecessor-version":[{"id":922,"href":"https:\/\/sv-zeutern.de\/wordpress\/index.php\/wp-json\/wp\/v2\/posts\/921\/revisions\/922"}],"wp:attachment":[{"href":"https:\/\/sv-zeutern.de\/wordpress\/index.php\/wp-json\/wp\/v2\/media?parent=921"}],"wp:term":[{"taxonomy":"category","embeddable":true,"href":"https:\/\/sv-zeutern.de\/wordpress\/index.php\/wp-json\/wp\/v2\/categories?post=921"},{"taxonomy":"post_tag","embeddable":true,"href":"https:\/\/sv-zeutern.de\/wordpress\/index.php\/wp-json\/wp\/v2\/tags?post=921"}],"curies":[{"name":"wp","href":"https:\/\/api.w.org\/{rel}","templated":true}]}}